[{"@context":"https:\/\/schema.org\/","@type":"Article","@id":"https:\/\/www.zsjvm.cz\/nebudme-zli\/#Article","mainEntityOfPage":"https:\/\/www.zsjvm.cz\/nebudme-zli\/","headline":"Nebu\u010fme zl\u00ed","name":"Nebu\u010fme zl\u00ed","description":"S\u00a0mobilem um\u00ed u\u017e i ty nejmen\u0161\u00ed d\u011bti. Nikdy nezjist\u00ed, jak vypadalo d\u011btstv\u00ed d\u0159\u00edve, s\u00a0\u010d\u00edm si d\u0159\u00edv\u011bj\u0161\u00ed d\u011bti hr\u00e1ly, jak tr\u00e1vily sv\u016fj voln\u00fd \u010das. Toto jim u\u017e nikdy nikdo ne\u0159ekne, pro [&hellip;]","datePublished":"2021-09-15","dateModified":"2023-05-15","author":{"@type":"Person","@id":"https:\/\/www.zsjvm.cz\/author\/#Person","name":"","url":"https:\/\/www.zsjvm.cz\/author\/","identifier":1,"image":{"@type":"ImageObject","@id":"https:\/\/secure.gravatar.com\/avatar\/4ae18345300f35922a2a7b2caa17564b68acab8514eff939a8a019efde378c24?s=96&d=mm&r=g","url":"https:\/\/secure.gravatar.com\/avatar\/4ae18345300f35922a2a7b2caa17564b68acab8514eff939a8a019efde378c24?s=96&d=mm&r=g","height":96,"width":96}},"publisher":{"@type":"Organization","name":"zsjvm.cz","logo":{"@type":"ImageObject","@id":"\/logo.png","url":"\/logo.png","width":600,"height":60}},"image":{"@type":"ImageObject","@id":"https:\/\/www.zsjvm.cz\/wp-content\/uploads\/linkedin_1.jpg","url":"https:\/\/www.zsjvm.cz\/wp-content\/uploads\/linkedin_1.jpg","height":0,"width":0},"url":"https:\/\/www.zsjvm.cz\/nebudme-zli\/","about":["Mobil"],"wordCount":562,"articleBody":"S\u00a0mobilem um\u00ed u\u017e i ty nejmen\u0161\u00ed d\u011bti. Nikdy nezjist\u00ed, jak vypadalo d\u011btstv\u00ed d\u0159\u00edve, s\u00a0\u010d\u00edm si d\u0159\u00edv\u011bj\u0161\u00ed d\u011bti hr\u00e1ly, jak tr\u00e1vily sv\u016fj voln\u00fd \u010das. Toto jim u\u017e nikdy nikdo ne\u0159ekne, pro v\u0161echny to bude histori\u00ed. Rodi\u010de se ob\u010das mo\u017en\u00e1 sna\u017e\u00ed to sv\u00fdm d\u011btem vysv\u011btlit, ale doba se vyv\u00edj\u00ed a m\u011bn\u00ed se \u010d\u00edm d\u00e1l v\u00edce. D\u0159\u00edv\u011bj\u0161\u00ed d\u011bti tr\u00e1vily cel\u00e9 dny venku se sv\u00fdmi sourozenci a kamar\u00e1dy, hr\u00e1ly v\u00a0lese nejr\u016fzn\u011bj\u0161\u00ed hry, kter\u00e9 si musely samy vymyslet, aby se n\u011bjak zabavily. Nikdy jim nevadilo u\u0161pinit se od bl\u00e1ta, m\u011bly vyhrazen\u00e9 oble\u010den\u00ed jen a pouze na ven, kter\u00e9 se mohlo zni\u010dit, jeliko\u017e to tak dost \u010dasto dopadlo. Chodily dom\u016f s\u00a0od\u0159en\u00fdmi koleny po hran\u00ed si venku, ale nikdo to ne\u0159e\u0161il. Pro d\u011bti to nic neznamenalo, jen se t\u011b\u0161ily, a\u017e se jim to zahoj\u00ed a budou si moci j\u00edt hr\u00e1t znovu. Tomu by se dalo \u0159\u00edct u\u017eit\u00e9 d\u011btstv\u00ed. Nemohu ov\u0161em \u0159\u00edci, \u017ee si dne\u0161n\u00ed d\u011bti sv\u00e9 d\u011btstv\u00ed nemohou u\u017e\u00edt, samoz\u0159ejm\u011b \u017ee ano, jen ne takov\u00fdm zp\u016fsobem, jak\u00fdm by m\u011bly. Str\u00e1vit d\u011btstv\u00ed u her na mobilu \u010di na po\u010d\u00edta\u010di jim nic ned\u00e1. P\u0159\u00edroda je pro n\u011b zcela ciz\u00ed, vyh\u00fdbaj\u00ed se j\u00ed, vid\u00ed ji jako nep\u0159\u00edtele, kde by si mohly u\u0161pinit sv\u00e9 oble\u010den\u00ed a je\u0161t\u011b by je n\u011bco \u0161t\u00edplo. V\u00a0p\u0159\u00edrod\u011b sice nen\u00ed v\u0161e jen r\u016f\u017eov\u00e9, \u017eivo\u010dich\u016f se tam nach\u00e1z\u00ed opravdu mnoho, ale m\u016f\u017ee z\u00a0toho b\u00fdt p\u011bkn\u00e9 dobrodru\u017estv\u00ed. Nebezpe\u010d\u00ed na n\u00e1s \u010d\u00edh\u00e1 v\u0161ude, tomu se nevyhneme. V\u00a0p\u0159\u00edrod\u011b n\u00e1m hroz\u00ed nebezpe\u010d\u00ed od nebezpe\u010dn\u00fdch rostlin \u010di zv\u00ed\u0159at, u mobilu zase ze strany kyber\u0161ikany. Ned\u00e1 se porovn\u00e1vat co je lep\u0161\u00ed a co hor\u0161\u00ed. Psychick\u00e9 a fyzick\u00e9 ubl\u00ed\u017een\u00ed si je rovn\u00e9, psychick\u00e9 je mnohdy v\u00fdznamn\u011b hor\u0161\u00ed. K\u00a0\u010demu by n\u00e1m bylo, \u017ee jsme doma v\u00a0bezpe\u010d\u00ed u na\u0161ich mobil\u016f, kdy\u017e n\u00e1s mezit\u00edm m\u016f\u017ee n\u011bkdo nehezky ohro\u017eovat na internetu. V\u0161ude se nach\u00e1z\u00ed mnoho pred\u00e1tor\u016f, ale nen\u00ed to to jedin\u00e9. Lid\u00e9 si v\u00a0dne\u0161n\u00ed dob\u011b r\u00e1di ubli\u017euj\u00ed, \u0159e\u0161\u00ed t\u00edm sv\u00e9 probl\u00e9my, c\u00edt\u00ed se kolikr\u00e1t l\u00e9pe, kdy\u017e n\u011bkomu ubl\u00ed\u017e\u00ed oni sami, ne\u017e aby n\u011bkdo ubl\u00ed\u017eil jim a nem\u00edvaj\u00ed z\u00a0toho v\u016fbec \u017e\u00e1dn\u00e9 v\u00fd\u010ditky. Ka\u017ed\u00fd z\u00a0n\u00e1s n\u011bkdy n\u011bkomu ubl\u00ed\u017eil, a\u0165 u\u017e si toho v\u011bdomy jsme, nebo ne. Ubl\u00ed\u017een\u00ed nemus\u00ed b\u00fdt v\u017edy \u00famysln\u00e9. M\u016f\u017eeme se sna\u017eit jak chceme, ale ne v\u017edy v\u0161e vyjde tak, jak si to my sami p\u0159edstavujeme. Realita na internetu je zcela jin\u00e1, ne\u017e ta v\u00a0re\u00e1ln\u00e9m sv\u011bt\u011b. R\u00e1di ut\u00edk\u00e1me do reality, kterou jsme si v\u00a0prost\u0159ed\u00ed internetu, soci\u00e1ln\u00edch s\u00edt\u00ed a kdo v\u00ed, kde jinde vytvo\u0159ili, ale k\u00a0\u010demu n\u00e1m to je, kdy\u017e zapomene na to, k\u00fdm doopravdy jsme a v\u00a0jak\u00e9m sv\u011bt\u011b ve skute\u010dnosti \u017eijeme?                                                                                                                                                                                                                                                                                                                                                                                        4.3\/5 - (14 votes)        "},{"@context":"https:\/\/schema.org\/","@type":"BreadcrumbList","itemListElement":[{"@type":"ListItem","position":1,"name":"Nebu\u010fme zl\u00ed","item":"https:\/\/www.zsjvm.cz\/nebudme-zli\/#breadcrumbitem"}]}]