[{"@context":"https:\/\/schema.org\/","@type":"Article","@id":"https:\/\/www.zsjvm.cz\/vedra-nemusi-byt-problem\/#Article","mainEntityOfPage":"https:\/\/www.zsjvm.cz\/vedra-nemusi-byt-problem\/","headline":"Vedra nemus\u00ed b\u00fdt probl\u00e9m","name":"Vedra nemus\u00ed b\u00fdt probl\u00e9m","description":"Pozor na n\u00e1vyky I p\u0159es to, \u017ee \u0161\u00e9f nach\u00e1z\u00edme v m\u00edrn\u00e9m podnebn\u00e9m p\u00e1su, tak u n\u00e1s b\u011b\u017en\u00e9 b\u00fdv\u00e1 v l\u00e9t\u011b vedro, kter\u00e9 ne ka\u017ed\u00e9mu d\u011bl\u00e1 dob\u0159e. P\u0159i teplot\u00e1ch na 30 [&hellip;]","datePublished":"2021-10-03","dateModified":"2023-05-15","author":{"@type":"Person","@id":"https:\/\/www.zsjvm.cz\/author\/#Person","name":"","url":"https:\/\/www.zsjvm.cz\/author\/","identifier":1,"image":{"@type":"ImageObject","@id":"https:\/\/secure.gravatar.com\/avatar\/4ae18345300f35922a2a7b2caa17564b68acab8514eff939a8a019efde378c24?s=96&d=mm&r=g","url":"https:\/\/secure.gravatar.com\/avatar\/4ae18345300f35922a2a7b2caa17564b68acab8514eff939a8a019efde378c24?s=96&d=mm&r=g","height":96,"width":96}},"publisher":{"@type":"Organization","name":"zsjvm.cz","logo":{"@type":"ImageObject","@id":"\/logo.png","url":"\/logo.png","width":600,"height":60}},"image":{"@type":"ImageObject","@id":"https:\/\/www.zsjvm.cz\/wp-content\/uploads\/air-3601981_960_720.jpg","url":"https:\/\/www.zsjvm.cz\/wp-content\/uploads\/air-3601981_960_720.jpg","height":0,"width":0},"url":"https:\/\/www.zsjvm.cz\/vedra-nemusi-byt-problem\/","about":["Podnik\u00e1n\u00ed"],"wordCount":454,"articleBody":"      Pozor na n\u00e1vykyI p\u0159es to, \u017ee \u0161\u00e9f nach\u00e1z\u00edme v m\u00edrn\u00e9m podnebn\u00e9m p\u00e1su, tak u n\u00e1s b\u011b\u017en\u00e9 b\u00fdv\u00e1 v l\u00e9t\u011b vedro, kter\u00e9 ne ka\u017ed\u00e9mu d\u011bl\u00e1 dob\u0159e. P\u0159i teplot\u00e1ch na 30 stup\u0148\u016f je u\u017e dobr\u00e9 d\u00e1vat si pozor a nep\u0159ece\u0148ovat sv\u00e9 s\u00edly, proto\u017ee pro organismus je to mnohem v\u011bt\u0161\u00ed z\u00e1t\u011b\u017e, kdy\u017e v takov\u00e9m vedru vykon\u00e1v\u00e1me n\u00e1ro\u010dn\u011bj\u0161\u00ed fyzickou aktivitu. Nejlep\u0161\u00ed je za\u010d\u00edt u\u017e r\u00e1no, kdy si d\u00e1me sprchu a dob\u0159e se oble\u010deme. M\u011blo bychom se vyhnout barv\u00e1m, kter\u00e9 hodn\u011b p\u0159itahuj\u00ed sv\u011btlo jako je \u010dern\u00e1 a zvolit vzdu\u0161n\u00fd materi\u00e1l. Nezapome\u0148te ani na n\u011bjakou tu pokr\u00fdvku hlavy. Z\u00e1m\u011brn\u011b se na to, co pijete a jestli pijete dost, proto\u017ee mnohdy nesta\u010d\u00ed dosp\u011bl\u00e9mu \u010dlov\u011bku ani 2 litry tekutin. Vyhn\u011bte se alkoholu, k\u00e1v\u011b a studen\u00fdch n\u00e1poj\u016f, proto\u017ee ty t\u011blo mus\u00ed oh\u0159\u00edvat a t\u00edm produkuje teplo. Probl\u00e9m m\u016f\u017ee b\u00fdt tak\u00e9 se sp\u00e1nkem, proto\u017ee ve vysok\u00e9 teplot\u011b se \u0161patn\u011b sp\u00ed. Proto m\u016f\u017eeme sp\u00e1t \u00fapln\u011b bez p\u0159ikr\u00fdvky a py\u017eamo volte z tenk\u00e9ho a prody\u0161n\u00e9ho materi\u00e1lu, aby V\u00e1s zbyte\u010dn\u011b neh\u0159\u00e1lo.Klimatizace je \u0159e\u0161en\u00edVyn\u00e1lez to nen\u00ed nijak star\u00fd, ale d\u00edky sv\u00e9 \u00fasp\u011b\u0161nosti je to dnes z\u00e1kladn\u00ed v\u00fdbava osobn\u00edch automobil\u016f, proto\u017ee ty se p\u0159es den na slun\u00ed\u010dku vyh\u0159\u00edv\u00e1n\u00ed a teploty uvnit\u0159 proto dosahuj\u00ed vysok\u00fdch \u010d\u00edsel, p\u0159i\u010dem\u017e potit se uvnit\u0159 p\u0159i del\u0161\u00edch cest\u00e1ch nen\u00ed nic moc. Klimatizace jsou v\u0161ak tak\u00e9 hodn\u011b roz\u0161\u00ed\u0159en\u00e9 v nemovitostech, p\u0159i\u010dem\u017e kdy\u017e si ji po\u0159\u00edd\u00edme dom\u016f, tak p\u0159ijdeme nap\u0159\u00edklad utahan\u00ed z pr\u00e1ce a m\u00e1me hezky p\u0159\u00edjemnou teplotu. V n\u00ed se pracuje o dost l\u00e9pe a tak\u00e9 odpo\u010d\u00edv\u00e1. N\u00e1kup a uveden\u00ed do provozu bude provedeno velmi snadno, proto\u017ee se n\u00e1m mont\u00e1\u017e klimatizace Praha v\u0161e postar\u00e1. Tak\u017ee pro n\u00e1s to znamen\u00e1 snadn\u00fd v\u00fdb\u011br a n\u00e1sledn\u011b za kr\u00e1tkou dobu u\u017e bude klimatizace funk\u010dn\u00ed a potom u\u017e n\u00e1m sta\u010d\u00ed jenom nastavit si teplotu a u\u017e\u00edvat si, \u017ee se nemus\u00edme potit v horku. Dnes u\u017e to nen\u00ed finan\u010dn\u011b nedostupn\u00e9 za\u0159\u00edzen\u00ed, tak\u017ee si jej m\u016f\u017eou po\u0159\u00eddit klidn\u011b b\u011b\u017en\u00ed lid\u00e9. \u017divotnost je slu\u0161n\u00e1, tak\u017ee investujeme na dlouhou dobu, p\u0159i\u010dem\u017e pen\u00edze se n\u00e1m vr\u00e1t\u00ed v podob\u011b pohodl\u00ed.                                                                                                                                                                                                                                                                                                                                                                                           4.2\/5 - (16 votes)        "},{"@context":"https:\/\/schema.org\/","@type":"BreadcrumbList","itemListElement":[{"@type":"ListItem","position":1,"name":"Vedra nemus\u00ed b\u00fdt probl\u00e9m","item":"https:\/\/www.zsjvm.cz\/vedra-nemusi-byt-problem\/#breadcrumbitem"}]}]